{"id":100964,"date":"2020-12-18T10:21:52","date_gmt":"2020-12-18T13:21:52","guid":{"rendered":"https:\/\/webapp375242.ip-45-33-127-122.cloudezapp.io\/?p=100964"},"modified":"2024-03-13T10:23:10","modified_gmt":"2024-03-13T13:23:10","slug":"empresas-apostam-nas-vantagens-de-escritorios-open-space","status":"publish","type":"post","link":"https:\/\/argo.com.vc\/en\/empresas-apostam-nas-vantagens-de-escritorios-open-space\/","title":{"rendered":"Empresas apostam nas vantagens de escrit\u00f3rios open space"},"content":{"rendered":"<p>Cada vez mais empresas t\u00eam adotado o conceito de\u00a0<em>open space<\/em>\u00a0&#8211; espa\u00e7o aberto, em tradu\u00e7\u00e3o simult\u00e2nea do ingl\u00eas. Os ambientes de trabalho com essa configura\u00e7\u00e3o s\u00e3o caracterizados por espa\u00e7os amplos, mesas compartilhadas, lugares de descompress\u00e3o e integra\u00e7\u00e3o das equipes. Al\u00e9m de proporcionarem mais engajamento entre os funcion\u00e1rios, escrit\u00f3rios sem barreiras f\u00edsicas de divis\u00f5es internas estimulam a oxigena\u00e7\u00e3o de ideias, criatividade e agilidade na comunica\u00e7\u00e3o. Os benef\u00edcios tamb\u00e9m refletem diretamente nas pessoas, como apontam dados\u00a0do BMJ Journal, publica\u00e7\u00e3o inglesa sobre assuntos m\u00e9dicos, em que notou-se 40% de melhora na condi\u00e7\u00e3o f\u00edsica de quem trabalha em\u00a0<em>open space<\/em>.<\/p>\n<p>Um estudo da Escola de Neg\u00f3cios da Universidade de Harvard, nos Estados Unidos, destacou que as pessoas que trabalham em escrit\u00f3rios com espa\u00e7os abertos tendem a evitar conversas paralelas, o que reflete em mais produtividade. Com objetivo de proporcionar mais\u00a0bem-estar para os colaboradores, a Argo Construtora adotar\u00e1 o conceito em sua nova sede. \u201cEstamos atentos \u00e0s constantes mudan\u00e7as que temos passado e notamos essa tend\u00eancia do conceito de\u00a0<em>open space<\/em>\u00a0nos espa\u00e7os f\u00edsicos das empresas. Percebemos que esse modelo s\u00f3 ir\u00e1 trazer benef\u00edcios para nossos colaboradores e optamos por adot\u00e1-lo em nossa nova sede\u201d, explica Valtair Torezani, diretor-presidente da Argo.<\/p>\n<p><strong>Futuro dos espa\u00e7os f\u00edsicos<\/strong><\/p>\n<p>Do ponto de vista econ\u00f4mico, empresas que utilizam esse layout organizacional para os espa\u00e7os de trabalho f\u00edsico tamb\u00e9m contam com vantagens or\u00e7ament\u00e1rias, como redu\u00e7\u00e3o dos custos com fia\u00e7\u00e3o, divis\u00e3o de salas, infraestrutura e, at\u00e9 mesmo, ilumina\u00e7\u00e3o. Todos os benef\u00edcios desse formato cada vez mais comum nas organiza\u00e7\u00f5es ao redor do mundo indicam, segundo especialistas da \u00e1rea, que este pode ser considerado o futuro dos espa\u00e7os f\u00edsicos das marcas.<\/p>\n<p><strong>Nova sede da Argo Construtora<\/strong><\/p>\n<p>O projeto da nova sede da Argo Construtora, assinado pelo arquiteto Sandro Pretti, ser\u00e1 um marco arquitet\u00f4nico na Grande Vit\u00f3ria. A fachada do pr\u00e9dio \u00e9 em pele de vidro refletivo, acabamento nobre e imponente, de alto desempenho lum\u00ednico. Ser\u00e3o utilizados acabamentos de alto padr\u00e3o, tanto na parte interna, quanto externa. \u201cVamos usar o conceito moderno de\u00a0<em>open space<\/em>\u00a0no pr\u00e9dio, onde todos trabalhar\u00e3o juntos, que contar\u00e1 com ilumina\u00e7\u00e3o natural no espa\u00e7o de trabalho, o que vai promover economia no consumo de energia e estreitar\u00e1 as rela\u00e7\u00f5es entre os nossos colaboradores\u201d, ressalta Torezani.<\/p>\n<p>&nbsp;<\/p>","protected":false},"excerpt":{"rendered":"<p>Cada vez mais empresas t\u00eam adotado o conceito de\u00a0open space\u00a0&#8211; espa\u00e7o aberto, em tradu\u00e7\u00e3o simult\u00e2nea do ingl\u00eas. Os ambientes de trabalho com essa configura\u00e7\u00e3o s\u00e3o caracterizados por espa\u00e7os amplos, mesas compartilhadas, lugares de descompress\u00e3o e integra\u00e7\u00e3o das equipes. Al\u00e9m de proporcionarem mais engajamento entre os funcion\u00e1rios, escrit\u00f3rios sem barreiras f\u00edsicas de divis\u00f5es internas estimulam a [&hellip;]<\/p>","protected":false},"author":1,"featured_media":100965,"comment_status":"open","ping_status":"open","sticky":false,"template":"","format":"standard","meta":{"_acf_changed":false,"_et_pb_use_builder":"","_et_pb_old_content":"","_et_gb_content_width":"","inline_featured_image":false,"footnotes":""},"categories":[55],"tags":[],"class_list":["post-100964","post","type-post","status-publish","format-standard","has-post-thumbnail","hentry","category-apartamento"],"acf":[],"_links":{"self":[{"href":"https:\/\/argo.com.vc\/en\/wp-json\/wp\/v2\/posts\/100964","targetHints":{"allow":["GET"]}}],"collection":[{"href":"https:\/\/argo.com.vc\/en\/wp-json\/wp\/v2\/posts"}],"about":[{"href":"https:\/\/argo.com.vc\/en\/wp-json\/wp\/v2\/types\/post"}],"author":[{"embeddable":true,"href":"https:\/\/argo.com.vc\/en\/wp-json\/wp\/v2\/users\/1"}],"replies":[{"embeddable":true,"href":"https:\/\/argo.com.vc\/en\/wp-json\/wp\/v2\/comments?post=100964"}],"version-history":[{"count":0,"href":"https:\/\/argo.com.vc\/en\/wp-json\/wp\/v2\/posts\/100964\/revisions"}],"wp:featuredmedia":[{"embeddable":true,"href":"https:\/\/argo.com.vc\/en\/wp-json\/wp\/v2\/media\/100965"}],"wp:attachment":[{"href":"https:\/\/argo.com.vc\/en\/wp-json\/wp\/v2\/media?parent=100964"}],"wp:term":[{"taxonomy":"category","embeddable":true,"href":"https:\/\/argo.com.vc\/en\/wp-json\/wp\/v2\/categories?post=100964"},{"taxonomy":"post_tag","embeddable":true,"href":"https:\/\/argo.com.vc\/en\/wp-json\/wp\/v2\/tags?post=100964"}],"curies":[{"name":"wp","href":"https:\/\/api.w.org\/{rel}","templated":true}]}}